{"id":5726,"date":"2021-02-06T13:03:38","date_gmt":"2021-02-06T13:03:38","guid":{"rendered":"https:\/\/www.flayrparrucchieri.it\/?p=5726"},"modified":"2021-02-06T13:10:25","modified_gmt":"2021-02-06T13:10:25","slug":"il-tempo","status":"publish","type":"post","link":"https:\/\/www.flayrparrucchieri.it\/index.php\/2021\/02\/06\/il-tempo\/","title":{"rendered":"IL TEMPO"},"content":{"rendered":"<div class=\"cnnc-share-sticky cnnc-column-normal\" data-offset=\"10\">\r\n<div class=\"cnnc-sticky-inner cnnc-centered\">\r\n<div class=\"cnnc-teaser\" style=\"text-align: center;\"><span style=\"font-size: 18pt; font-family: 'comic sans ms', sans-serif; color: #ff0000;\"><strong>\u201cI rituali ci ricordano cosa \u00e8 importante e ci conferiscono un senso di stabilit\u00e0 e di continuit\u00e0 nella nostra vita\u201d<\/strong><\/span><\/div>\r\n<div><\/div>\r\n<\/div>\r\n<\/div>\r\n<div><span style=\"font-size: 14pt; font-family: 'comic sans ms', sans-serif;\"><strong>i rituali ci permettono di superare momenti di \u201cstress\u201d<\/strong>\u00a0e di riprendere le redini della nostra vita nei momenti in cui ci troviamo di fronte a situazioni non programmate. Una sorta di<strong>\u00a0boa in mezzo all\u2019Oceano degli imprevisti<\/strong>\u00a0che ci rid\u00e0 fiducia in noi stessi, calma le nostre ansie e, perch\u00e9 no, ci conferisce una sicurezza che pensavamo fosse andata perduta. L\u2019importanza e l\u2019<strong>efficacia del rituale<\/strong>, quindi, \u00e8 comprovata e, anzi, \u00e8 fonte di costanti studi. Il rituale, la preparazione dello stesso, la sua celebrazione \u00e8 l\u2019occasione per rientrare a contatto con noi stessi per\u00a0<strong>riappropriarci della risorsa pi\u00f9 preziosa di sempre: il tempo.<\/strong><\/span><\/div>\r\n<div><span style=\"font-size: 14pt; font-family: 'comic sans ms', sans-serif;\"><strong>La bellezza come momento principale<\/strong>, come capacit\u00e0 di identificare e valorizzare s\u00e9 stessi. Per farlo c\u2019\u00e8 bisogno di uno sguardo che sappia guardare al \u201ctutto\u201d, alla bellezza tout court, e tracciarne delle\u00a0<strong>linee guida<\/strong>\u00a0per avvicinarsi al suo concetto pi\u00f9 puro.<\/span><\/div>\r\n<div><span style=\"font-size: 14pt; font-family: 'comic sans ms', sans-serif;\">Una filosofia, quella del sapersi concedere il tempo di amarsi, che rispecchia la filosofia\u00a0Phyto, dove il rituale, la conoscenza del s\u00e9 e la possibilit\u00e0 di mettersi al centro delle proprie attenzioni.<\/span><\/div>\r\n<div><\/div>\r\n<div>\r\n\r\n<span style=\"text-decoration: underline; color: #ff0000;\"><strong>PRENOTA SUBITO IL TUO TRATTAMENTO\u00a0 \u00a0<\/strong><strong>Contatti tel.\u00a0 3921444869<\/strong><\/span>\r\n\r\n<\/div>\r\n<div><\/div>\r\n<div>\r\n<p align=\"left\"><a href=\"https:\/\/www.facebook.com\/parrucchieriinimola\">FLAYR PARRUCCHIERI | Facebook<\/a><\/p>\r\n<p align=\"left\"><a href=\"https:\/\/www.instagram.com\/flayr_parrucchieri_imola\/\">Flayr Imola (@flayr_parrucchieri_imola)<\/a><\/p>\r\n<p align=\"left\"><a href=\"https:\/\/www.google.com\/search?client=ms-android-samsung-ss&amp;sxsrf=ALeKk02NhfOw-O3_WO11_Ewe7-3mnKDUjA%3A1612023709470&amp;ei=nYcVYLagHIrzkwWqro-ABQ&amp;q=parrucchieri&amp;oq=parr&amp;gs_lcp=ChNtb2JpbGUtZ3dzLXdpei1zZXJwEAEYATIECCMQJzIECCMQJzIECCMQJzIKCC4QxwEQrwEQQzIECAAQQzIFCAAQsQMyAggAMgIIADoHCCMQ6gIQJzoHCC4Q6gIQJzoLCC4QsQMQxwEQowI6CAgAELEDEIMBUKUhWKspYIYwaAJwAHgAgAGhAYgB6QOSAQMxLjOYAQCgAQGwAQ_AAQE&amp;sclient=mobile-gws-wiz-serp#trex=m_t:lcl_akp,rc_f:rln,rc_ludocids:6946910560686907490,ru_lqi:CgxwYXJydWNjaGllcmlaHAoMcGFycnVjY2hpZXJpIgxwYXJydWNjaGllcmmqARQQASoQIgxwYXJydWNjaGllcmkoBw,trex_id:HKyR1c\">FLAYR PARRUCCHIERI GOOGLE<\/a><\/p>\r\n\r\n<\/div>\r\n<div><\/div>\r\n<div><\/div>","protected":false},"excerpt":{"rendered":"<p>\u201cI rituali ci ricordano cosa \u00e8 importante e ci conferiscono un senso di stabilit\u00e0 e di continuit\u00e0 nella nostra vita\u201d i rituali ci permettono di superare momenti di \u201cstress\u201d\u00a0e di riprendere le redini della nostra vita nei momenti in cui ci troviamo di fronte a situazioni non programmate. Una sorta di\u00a0boa in mezzo all\u2019Oceano degli [&hellip;]<\/p>\n","protected":false},"author":2,"featured_media":5728,"comment_status":"open","ping_status":"open","sticky":false,"template":"","format":"standard","meta":{"footnotes":""},"categories":[7],"tags":[],"class_list":["post-5726","post","type-post","status-publish","format-standard","has-post-thumbnail","hentry","category-blog"],"yoast_head":"<!-- This site is optimized with the Yoast SEO plugin v28.2 - https:\/\/yoast.com\/product\/yoast-seo-wordpress\/ -->\n<title>IL TEMPO - Flayr Parrucchieri<\/title>\n<meta name=\"description\" content=\"La bellezza come momento principale, come capacit\u00e0 di identificare e valorizzare s\u00e9 stessi.\" \/>\n<meta name=\"robots\" content=\"index, follow, max-snippet:-1, max-image-preview:large, max-video-preview:-1\" \/>\n<link rel=\"canonical\" href=\"https:\/\/www.flayrparrucchieri.it\/index.php\/2021\/02\/06\/il-tempo\/\" \/>\n<meta property=\"og:locale\" content=\"it_IT\" \/>\n<meta property=\"og:type\" content=\"article\" \/>\n<meta property=\"og:title\" content=\"IL TEMPO - Flayr Parrucchieri\" \/>\n<meta property=\"og:description\" content=\"La bellezza come momento principale, come capacit\u00e0 di identificare e valorizzare s\u00e9 stessi.\" \/>\n<meta property=\"og:url\" content=\"https:\/\/www.flayrparrucchieri.it\/index.php\/2021\/02\/06\/il-tempo\/\" \/>\n<meta property=\"og:site_name\" content=\"Flayr Parrucchieri\" \/>\n<meta property=\"article:publisher\" content=\"https:\/\/www.facebook.com\/parrucchiereflayr\/?ref=settings\" \/>\n<meta property=\"article:published_time\" content=\"2021-02-06T13:03:38+00:00\" \/>\n<meta property=\"article:modified_time\" content=\"2021-02-06T13:10:25+00:00\" \/>\n<meta property=\"og:image\" content=\"https:\/\/www.flayrparrucchieri.it\/wp-content\/uploads\/2021\/02\/IL-TEMPO.jpg\" \/>\n\t<meta property=\"og:image:width\" content=\"1080\" \/>\n\t<meta property=\"og:image:height\" content=\"1920\" \/>\n\t<meta property=\"og:image:type\" content=\"image\/jpeg\" \/>\n<meta name=\"author\" content=\"Giulia\" \/>\n<meta name=\"twitter:card\" content=\"summary_large_image\" \/>\n<meta name=\"twitter:label1\" content=\"Scritto da\" \/>\n\t<meta name=\"twitter:data1\" content=\"Giulia\" \/>\n\t<meta name=\"twitter:label2\" content=\"Tempo di lettura stimato\" \/>\n\t<meta name=\"twitter:data2\" content=\"1 minuto\" \/>\n<script type=\"application\/ld+json\" class=\"yoast-schema-graph\">{\"@context\":\"https:\\\/\\\/schema.org\",\"@graph\":[{\"@type\":\"Article\",\"@id\":\"https:\\\/\\\/www.flayrparrucchieri.it\\\/index.php\\\/2021\\\/02\\\/06\\\/il-tempo\\\/#article\",\"isPartOf\":{\"@id\":\"https:\\\/\\\/www.flayrparrucchieri.it\\\/index.php\\\/2021\\\/02\\\/06\\\/il-tempo\\\/\"},\"author\":{\"name\":\"Giulia\",\"@id\":\"https:\\\/\\\/www.flayrparrucchieri.it\\\/#\\\/schema\\\/person\\\/1bca739e4408617691096bbbda506eeb\"},\"headline\":\"IL TEMPO\",\"datePublished\":\"2021-02-06T13:03:38+00:00\",\"dateModified\":\"2021-02-06T13:10:25+00:00\",\"mainEntityOfPage\":{\"@id\":\"https:\\\/\\\/www.flayrparrucchieri.it\\\/index.php\\\/2021\\\/02\\\/06\\\/il-tempo\\\/\"},\"wordCount\":217,\"commentCount\":0,\"publisher\":{\"@id\":\"https:\\\/\\\/www.flayrparrucchieri.it\\\/#organization\"},\"image\":{\"@id\":\"https:\\\/\\\/www.flayrparrucchieri.it\\\/index.php\\\/2021\\\/02\\\/06\\\/il-tempo\\\/#primaryimage\"},\"thumbnailUrl\":\"https:\\\/\\\/www.flayrparrucchieri.it\\\/wp-content\\\/uploads\\\/2021\\\/02\\\/IL-TEMPO.jpg\",\"articleSection\":[\"blog\"],\"inLanguage\":\"it-IT\",\"potentialAction\":[{\"@type\":\"CommentAction\",\"name\":\"Comment\",\"target\":[\"https:\\\/\\\/www.flayrparrucchieri.it\\\/index.php\\\/2021\\\/02\\\/06\\\/il-tempo\\\/#respond\"]}]},{\"@type\":\"WebPage\",\"@id\":\"https:\\\/\\\/www.flayrparrucchieri.it\\\/index.php\\\/2021\\\/02\\\/06\\\/il-tempo\\\/\",\"url\":\"https:\\\/\\\/www.flayrparrucchieri.it\\\/index.php\\\/2021\\\/02\\\/06\\\/il-tempo\\\/\",\"name\":\"IL TEMPO - Flayr Parrucchieri\",\"isPartOf\":{\"@id\":\"https:\\\/\\\/www.flayrparrucchieri.it\\\/#website\"},\"primaryImageOfPage\":{\"@id\":\"https:\\\/\\\/www.flayrparrucchieri.it\\\/index.php\\\/2021\\\/02\\\/06\\\/il-tempo\\\/#primaryimage\"},\"image\":{\"@id\":\"https:\\\/\\\/www.flayrparrucchieri.it\\\/index.php\\\/2021\\\/02\\\/06\\\/il-tempo\\\/#primaryimage\"},\"thumbnailUrl\":\"https:\\\/\\\/www.flayrparrucchieri.it\\\/wp-content\\\/uploads\\\/2021\\\/02\\\/IL-TEMPO.jpg\",\"datePublished\":\"2021-02-06T13:03:38+00:00\",\"dateModified\":\"2021-02-06T13:10:25+00:00\",\"description\":\"La bellezza come momento principale, come capacit\u00e0 di identificare e valorizzare s\u00e9 stessi.\",\"breadcrumb\":{\"@id\":\"https:\\\/\\\/www.flayrparrucchieri.it\\\/index.php\\\/2021\\\/02\\\/06\\\/il-tempo\\\/#breadcrumb\"},\"inLanguage\":\"it-IT\",\"potentialAction\":[{\"@type\":\"ReadAction\",\"target\":[\"https:\\\/\\\/www.flayrparrucchieri.it\\\/index.php\\\/2021\\\/02\\\/06\\\/il-tempo\\\/\"]}]},{\"@type\":\"ImageObject\",\"inLanguage\":\"it-IT\",\"@id\":\"https:\\\/\\\/www.flayrparrucchieri.it\\\/index.php\\\/2021\\\/02\\\/06\\\/il-tempo\\\/#primaryimage\",\"url\":\"https:\\\/\\\/www.flayrparrucchieri.it\\\/wp-content\\\/uploads\\\/2021\\\/02\\\/IL-TEMPO.jpg\",\"contentUrl\":\"https:\\\/\\\/www.flayrparrucchieri.it\\\/wp-content\\\/uploads\\\/2021\\\/02\\\/IL-TEMPO.jpg\",\"width\":1080,\"height\":1920},{\"@type\":\"BreadcrumbList\",\"@id\":\"https:\\\/\\\/www.flayrparrucchieri.it\\\/index.php\\\/2021\\\/02\\\/06\\\/il-tempo\\\/#breadcrumb\",\"itemListElement\":[{\"@type\":\"ListItem\",\"position\":1,\"name\":\"Home\",\"item\":\"https:\\\/\\\/www.flayrparrucchieri.it\\\/\"},{\"@type\":\"ListItem\",\"position\":2,\"name\":\"IL TEMPO\"}]},{\"@type\":\"WebSite\",\"@id\":\"https:\\\/\\\/www.flayrparrucchieri.it\\\/#website\",\"url\":\"https:\\\/\\\/www.flayrparrucchieri.it\\\/\",\"name\":\"Flayr Parrucchieri\",\"description\":\"Parrucchieri a Imola\",\"publisher\":{\"@id\":\"https:\\\/\\\/www.flayrparrucchieri.it\\\/#organization\"},\"potentialAction\":[{\"@type\":\"SearchAction\",\"target\":{\"@type\":\"EntryPoint\",\"urlTemplate\":\"https:\\\/\\\/www.flayrparrucchieri.it\\\/?s={search_term_string}\"},\"query-input\":{\"@type\":\"PropertyValueSpecification\",\"valueRequired\":true,\"valueName\":\"search_term_string\"}}],\"inLanguage\":\"it-IT\"},{\"@type\":\"Organization\",\"@id\":\"https:\\\/\\\/www.flayrparrucchieri.it\\\/#organization\",\"name\":\"ISABELLA BY FLAYR S.N.C.\",\"url\":\"https:\\\/\\\/www.flayrparrucchieri.it\\\/\",\"logo\":{\"@type\":\"ImageObject\",\"inLanguage\":\"it-IT\",\"@id\":\"https:\\\/\\\/www.flayrparrucchieri.it\\\/#\\\/schema\\\/logo\\\/image\\\/\",\"url\":\"https:\\\/\\\/www.flayrparrucchieri.it\\\/wp-content\\\/uploads\\\/2020\\\/02\\\/008A6437-scaled.jpg\",\"contentUrl\":\"https:\\\/\\\/www.flayrparrucchieri.it\\\/wp-content\\\/uploads\\\/2020\\\/02\\\/008A6437-scaled.jpg\",\"width\":2560,\"height\":1707,\"caption\":\"ISABELLA BY FLAYR S.N.C.\"},\"image\":{\"@id\":\"https:\\\/\\\/www.flayrparrucchieri.it\\\/#\\\/schema\\\/logo\\\/image\\\/\"},\"sameAs\":[\"https:\\\/\\\/www.facebook.com\\\/parrucchiereflayr\\\/?ref=settings\",\"https:\\\/\\\/www.instagram.com\\\/flayr_parrucchieri_imola\\\/?hl=it\"]},{\"@type\":\"Person\",\"@id\":\"https:\\\/\\\/www.flayrparrucchieri.it\\\/#\\\/schema\\\/person\\\/1bca739e4408617691096bbbda506eeb\",\"name\":\"Giulia\",\"image\":{\"@type\":\"ImageObject\",\"inLanguage\":\"it-IT\",\"@id\":\"https:\\\/\\\/secure.gravatar.com\\\/avatar\\\/208ba100597b1240735912829bc6f04167576818f5d2b5dd356bc62a10b40c62?s=96&d=mm&r=g\",\"url\":\"https:\\\/\\\/secure.gravatar.com\\\/avatar\\\/208ba100597b1240735912829bc6f04167576818f5d2b5dd356bc62a10b40c62?s=96&d=mm&r=g\",\"contentUrl\":\"https:\\\/\\\/secure.gravatar.com\\\/avatar\\\/208ba100597b1240735912829bc6f04167576818f5d2b5dd356bc62a10b40c62?s=96&d=mm&r=g\",\"caption\":\"Giulia\"}}]}<\/script>\n<!-- \/ Yoast SEO plugin. -->","yoast_head_json":{"title":"IL TEMPO - Flayr Parrucchieri","description":"La bellezza come momento principale, come capacit\u00e0 di identificare e valorizzare s\u00e9 stessi.","robots":{"index":"index","follow":"follow","max-snippet":"max-snippet:-1","max-image-preview":"max-image-preview:large","max-video-preview":"max-video-preview:-1"},"canonical":"https:\/\/www.flayrparrucchieri.it\/index.php\/2021\/02\/06\/il-tempo\/","og_locale":"it_IT","og_type":"article","og_title":"IL TEMPO - Flayr Parrucchieri","og_description":"La bellezza come momento principale, come capacit\u00e0 di identificare e valorizzare s\u00e9 stessi.","og_url":"https:\/\/www.flayrparrucchieri.it\/index.php\/2021\/02\/06\/il-tempo\/","og_site_name":"Flayr Parrucchieri","article_publisher":"https:\/\/www.facebook.com\/parrucchiereflayr\/?ref=settings","article_published_time":"2021-02-06T13:03:38+00:00","article_modified_time":"2021-02-06T13:10:25+00:00","og_image":[{"width":1080,"height":1920,"url":"https:\/\/www.flayrparrucchieri.it\/wp-content\/uploads\/2021\/02\/IL-TEMPO.jpg","type":"image\/jpeg"}],"author":"Giulia","twitter_card":"summary_large_image","twitter_misc":{"Scritto da":"Giulia","Tempo di lettura stimato":"1 minuto"},"schema":{"@context":"https:\/\/schema.org","@graph":[{"@type":"Article","@id":"https:\/\/www.flayrparrucchieri.it\/index.php\/2021\/02\/06\/il-tempo\/#article","isPartOf":{"@id":"https:\/\/www.flayrparrucchieri.it\/index.php\/2021\/02\/06\/il-tempo\/"},"author":{"name":"Giulia","@id":"https:\/\/www.flayrparrucchieri.it\/#\/schema\/person\/1bca739e4408617691096bbbda506eeb"},"headline":"IL TEMPO","datePublished":"2021-02-06T13:03:38+00:00","dateModified":"2021-02-06T13:10:25+00:00","mainEntityOfPage":{"@id":"https:\/\/www.flayrparrucchieri.it\/index.php\/2021\/02\/06\/il-tempo\/"},"wordCount":217,"commentCount":0,"publisher":{"@id":"https:\/\/www.flayrparrucchieri.it\/#organization"},"image":{"@id":"https:\/\/www.flayrparrucchieri.it\/index.php\/2021\/02\/06\/il-tempo\/#primaryimage"},"thumbnailUrl":"https:\/\/www.flayrparrucchieri.it\/wp-content\/uploads\/2021\/02\/IL-TEMPO.jpg","articleSection":["blog"],"inLanguage":"it-IT","potentialAction":[{"@type":"CommentAction","name":"Comment","target":["https:\/\/www.flayrparrucchieri.it\/index.php\/2021\/02\/06\/il-tempo\/#respond"]}]},{"@type":"WebPage","@id":"https:\/\/www.flayrparrucchieri.it\/index.php\/2021\/02\/06\/il-tempo\/","url":"https:\/\/www.flayrparrucchieri.it\/index.php\/2021\/02\/06\/il-tempo\/","name":"IL TEMPO - Flayr Parrucchieri","isPartOf":{"@id":"https:\/\/www.flayrparrucchieri.it\/#website"},"primaryImageOfPage":{"@id":"https:\/\/www.flayrparrucchieri.it\/index.php\/2021\/02\/06\/il-tempo\/#primaryimage"},"image":{"@id":"https:\/\/www.flayrparrucchieri.it\/index.php\/2021\/02\/06\/il-tempo\/#primaryimage"},"thumbnailUrl":"https:\/\/www.flayrparrucchieri.it\/wp-content\/uploads\/2021\/02\/IL-TEMPO.jpg","datePublished":"2021-02-06T13:03:38+00:00","dateModified":"2021-02-06T13:10:25+00:00","description":"La bellezza come momento principale, come capacit\u00e0 di identificare e valorizzare s\u00e9 stessi.","breadcrumb":{"@id":"https:\/\/www.flayrparrucchieri.it\/index.php\/2021\/02\/06\/il-tempo\/#breadcrumb"},"inLanguage":"it-IT","potentialAction":[{"@type":"ReadAction","target":["https:\/\/www.flayrparrucchieri.it\/index.php\/2021\/02\/06\/il-tempo\/"]}]},{"@type":"ImageObject","inLanguage":"it-IT","@id":"https:\/\/www.flayrparrucchieri.it\/index.php\/2021\/02\/06\/il-tempo\/#primaryimage","url":"https:\/\/www.flayrparrucchieri.it\/wp-content\/uploads\/2021\/02\/IL-TEMPO.jpg","contentUrl":"https:\/\/www.flayrparrucchieri.it\/wp-content\/uploads\/2021\/02\/IL-TEMPO.jpg","width":1080,"height":1920},{"@type":"BreadcrumbList","@id":"https:\/\/www.flayrparrucchieri.it\/index.php\/2021\/02\/06\/il-tempo\/#breadcrumb","itemListElement":[{"@type":"ListItem","position":1,"name":"Home","item":"https:\/\/www.flayrparrucchieri.it\/"},{"@type":"ListItem","position":2,"name":"IL TEMPO"}]},{"@type":"WebSite","@id":"https:\/\/www.flayrparrucchieri.it\/#website","url":"https:\/\/www.flayrparrucchieri.it\/","name":"Flayr Parrucchieri","description":"Parrucchieri a Imola","publisher":{"@id":"https:\/\/www.flayrparrucchieri.it\/#organization"},"potentialAction":[{"@type":"SearchAction","target":{"@type":"EntryPoint","urlTemplate":"https:\/\/www.flayrparrucchieri.it\/?s={search_term_string}"},"query-input":{"@type":"PropertyValueSpecification","valueRequired":true,"valueName":"search_term_string"}}],"inLanguage":"it-IT"},{"@type":"Organization","@id":"https:\/\/www.flayrparrucchieri.it\/#organization","name":"ISABELLA BY FLAYR S.N.C.","url":"https:\/\/www.flayrparrucchieri.it\/","logo":{"@type":"ImageObject","inLanguage":"it-IT","@id":"https:\/\/www.flayrparrucchieri.it\/#\/schema\/logo\/image\/","url":"https:\/\/www.flayrparrucchieri.it\/wp-content\/uploads\/2020\/02\/008A6437-scaled.jpg","contentUrl":"https:\/\/www.flayrparrucchieri.it\/wp-content\/uploads\/2020\/02\/008A6437-scaled.jpg","width":2560,"height":1707,"caption":"ISABELLA BY FLAYR S.N.C."},"image":{"@id":"https:\/\/www.flayrparrucchieri.it\/#\/schema\/logo\/image\/"},"sameAs":["https:\/\/www.facebook.com\/parrucchiereflayr\/?ref=settings","https:\/\/www.instagram.com\/flayr_parrucchieri_imola\/?hl=it"]},{"@type":"Person","@id":"https:\/\/www.flayrparrucchieri.it\/#\/schema\/person\/1bca739e4408617691096bbbda506eeb","name":"Giulia","image":{"@type":"ImageObject","inLanguage":"it-IT","@id":"https:\/\/secure.gravatar.com\/avatar\/208ba100597b1240735912829bc6f04167576818f5d2b5dd356bc62a10b40c62?s=96&d=mm&r=g","url":"https:\/\/secure.gravatar.com\/avatar\/208ba100597b1240735912829bc6f04167576818f5d2b5dd356bc62a10b40c62?s=96&d=mm&r=g","contentUrl":"https:\/\/secure.gravatar.com\/avatar\/208ba100597b1240735912829bc6f04167576818f5d2b5dd356bc62a10b40c62?s=96&d=mm&r=g","caption":"Giulia"}}]}},"_links":{"self":[{"href":"https:\/\/www.flayrparrucchieri.it\/index.php\/wp-json\/wp\/v2\/posts\/5726","targetHints":{"allow":["GET"]}}],"collection":[{"href":"https:\/\/www.flayrparrucchieri.it\/index.php\/wp-json\/wp\/v2\/posts"}],"about":[{"href":"https:\/\/www.flayrparrucchieri.it\/index.php\/wp-json\/wp\/v2\/types\/post"}],"author":[{"embeddable":true,"href":"https:\/\/www.flayrparrucchieri.it\/index.php\/wp-json\/wp\/v2\/users\/2"}],"replies":[{"embeddable":true,"href":"https:\/\/www.flayrparrucchieri.it\/index.php\/wp-json\/wp\/v2\/comments?post=5726"}],"version-history":[{"count":5,"href":"https:\/\/www.flayrparrucchieri.it\/index.php\/wp-json\/wp\/v2\/posts\/5726\/revisions"}],"predecessor-version":[{"id":5732,"href":"https:\/\/www.flayrparrucchieri.it\/index.php\/wp-json\/wp\/v2\/posts\/5726\/revisions\/5732"}],"wp:featuredmedia":[{"embeddable":true,"href":"https:\/\/www.flayrparrucchieri.it\/index.php\/wp-json\/wp\/v2\/media\/5728"}],"wp:attachment":[{"href":"https:\/\/www.flayrparrucchieri.it\/index.php\/wp-json\/wp\/v2\/media?parent=5726"}],"wp:term":[{"taxonomy":"category","embeddable":true,"href":"https:\/\/www.flayrparrucchieri.it\/index.php\/wp-json\/wp\/v2\/categories?post=5726"},{"taxonomy":"post_tag","embeddable":true,"href":"https:\/\/www.flayrparrucchieri.it\/index.php\/wp-json\/wp\/v2\/tags?post=5726"}],"curies":[{"name":"wp","href":"https:\/\/api.w.org\/{rel}","templated":true}]}}