{"id":5740,"date":"2021-02-19T16:41:40","date_gmt":"2021-02-19T16:41:40","guid":{"rendered":"https:\/\/www.flayrparrucchieri.it\/?p=5740"},"modified":"2022-10-05T10:06:36","modified_gmt":"2022-10-05T10:06:36","slug":"cause-e-rimedi-efficaci-per-caduta-dei-capelli-nelle-donne","status":"publish","type":"post","link":"https:\/\/www.flayrparrucchieri.it\/index.php\/2021\/02\/19\/cause-e-rimedi-efficaci-per-caduta-dei-capelli-nelle-donne\/","title":{"rendered":"Cause e rimedi efficaci per Caduta dei capelli nelle donne"},"content":{"rendered":"<span style=\"font-family: verdana, geneva, sans-serif; font-size: 18pt; color: #000000;\">La\u00a0<strong>caduta dei capelli<\/strong>\u00a0\u00e8 un problema che affligge anche molte\u00a0<strong>donne<\/strong>, non \u00e8 pi\u00f9 soltanto un problema maschile.<\/span>\r\n\r\n<span style=\"font-family: verdana, geneva, sans-serif; font-size: 18pt; color: #000000;\">La perdita dei capelli nelle donne \u00e8 un <strong>fenomeno in aumento<\/strong>. Prima di passare\u00a0 ai\u00a0<strong>rimedi<\/strong> da adottare, \u00e8 il caso di chiarire quali sono le <strong>cause.<\/strong><\/span>\r\n<h2 class=\"intertitre\" style=\"text-align: center;\"><span style=\"font-family: verdana, geneva, sans-serif; font-size: 18pt; color: #000000;\">Le cause della caduta:<\/span><\/h2>\r\n<ul class=\"standard\">\r\n \t<li><span style=\"font-family: verdana, geneva, sans-serif; font-size: 18pt; color: #000000;\"><strong>stress<\/strong>:<strong>\u00a0<\/strong>il fenomeno dell'alopecia da stress pu\u00f2 essere pi\u00f9 o meno grave, ma in forme leggere pu\u00f2 succedere molto di frequente, per cui non c'\u00e8 da allarmarsi. In generale, lo stress arresta la crescita dei nuovi capelli, per cui al momento fisiologico e normale della caduta dei vecchi capelli, i nuovi sono di meno<\/span><\/li>\r\n \t<li><span style=\"font-family: verdana, geneva, sans-serif; font-size: 18pt; color: #000000;\"><strong>cambio di stagione<\/strong>:<strong>\u00a0<\/strong>si \u00e8 osservato che durante le mezze stagioni, primavera e autunno, si perdono pi\u00f9 capelli<\/span><\/li>\r\n \t<li><span style=\"font-family: verdana, geneva, sans-serif; font-size: 18pt; color: #000000;\"><strong>inquinamento ambientale<\/strong>: l'inquinamento del luogo in cui vivi pu\u00f2 causare la caduta dei capelli<\/span><\/li>\r\n \t<li><span style=\"font-family: verdana, geneva, sans-serif; font-size: 18pt; color: #000000;\"><strong>trattamenti cosmetici aggressivi<\/strong>:<strong>\u00a0<\/strong>alcune sostanze contenute nei prodotti per capelli possono causarne la caduta, soprattutto dopo tinte e colorazioni per capelli. \u00c8 importante <span style=\"color: #ff0000;\"><a style=\"color: #ff0000;\" href=\"https:\/\/www.flayrparrucchieri.it\/index.php\/2021\/01\/26\/colorazione-senza-ammoniaca-colore-capelli-senza-ammoniaca\/\">quindi\u00a0scegliere la tinta giusta per i capelli<\/a><\/span><\/span><\/li>\r\n \t<li><span style=\"font-family: verdana, geneva, sans-serif; font-size: 18pt; color: #000000;\"><strong>squilibri o cambiamenti ormonali<\/strong>: gli squilibri e i cambiamenti ormonali, come un calo degli estrogeni nella donna, possono portare a una caduta dei capelli. Tale calo pu\u00f2 verificarsi in diversi fenomeni: scompensi ormonali dovuti a diete, o disturbi alimentari, o cambiamenti nella vita come la\u00a0menopausa\u00a0o dopo una gravidanza<\/span><\/li>\r\n \t<li><span style=\"font-family: verdana, geneva, sans-serif; font-size: 18pt; color: #000000;\"><strong>diete drastiche<\/strong>: una dieta lampo, di quelle brevi ma molto severe, pu\u00f2 creare scompensi ormonali responsabili di una inconsueta perdita di capelli<\/span><\/li>\r\n \t<li><span style=\"font-family: verdana, geneva, sans-serif; font-size: 18pt; color: #000000;\"><strong>assenza di vitamina A<\/strong>: la carenza di questa vitamina, che assicura la salute e il nutrimento del capello, pu\u00f2 provocare esiti spiacevoli, come un invecchiamento precoce dei capelli e la conseguente caduta<\/span><\/li>\r\n \t<li><span style=\"font-family: verdana, geneva, sans-serif; font-size: 18pt; color: #000000;\"><strong>normale ciclo di ricrescita dei capelli<\/strong>: tra tutte le cause della caduta dei capelli, questa \u00e8 la pi\u00f9 normale e meno preoccupante. I nuovi capelli \"di ricambio\", crescendo spingono fuori i vecchi, che vengono eliminati proprio con una caduta fisiologica. Il processo di ricambio dura da uno a tre mesi, e in generale porta a una caduta di quotidiana tra 50 e 100 capelli<\/span><\/li>\r\n \t<li><span style=\"font-family: verdana, geneva, sans-serif; font-size: 18pt; color: #000000;\"><strong>cambiamenti ormonali dopo una gravidanza<\/strong>: il calo degli estrogeni dopo una gravidanza, unito allo stress possibile nei primi mesi dopo il parto, pu\u00f2 portare a una certa caduta di capelli, ma non c'\u00e8 da preoccuparsi, solitamente il meccanismo ormonale si regola da solo<\/span><\/li>\r\n \t<li><span style=\"font-family: verdana, geneva, sans-serif; font-size: 18pt; color: #000000;\"><strong>\u200bmenopausa<\/strong>: sempre a causa del cambiamento ormonale nel sangue, la menopausa pu\u00f2 portare a una perdita di capelli maggiore del solito.<\/span><\/li>\r\n<\/ul>\r\n<p align=\"center\"><span style=\"font-family: verdana, geneva, sans-serif;\"><span style=\"font-size: x-large;\"><b>Rimedi<\/b><\/span><\/span><\/p>\r\n<span style=\"font-size: 18pt; font-family: verdana, geneva, sans-serif;\"><span style=\"color: #000000;\">T<\/span><span style=\"color: #000000;\">utto parte <\/span><span style=\"color: #000000;\">dalla <\/span><span style=\"color: #000000;\">pelle il primo <\/span><span style=\"color: #000000;\">strato dei 5 che formano il <\/span><span style=\"color: #000000;\">cuoio capelluto e<\/span><span style=\"color: #000000;\">d \u00e8<\/span><span style=\"color: #000000;\"> ricoperto dai <\/span><span style=\"color: #000000;\">capelli.<\/span><\/span>\r\n\r\n<span style=\"color: #000000; font-size: 18pt; font-family: verdana, geneva, sans-serif;\">Impariamo a purificare la pelle in modo da ricevere pi\u00f9 ossigeno dall\u2019esterno. <\/span>\r\n\r\n<span style=\"color: #000000; font-size: 18pt; font-family: verdana, geneva, sans-serif;\">Purificando il cuoio capelluto da sebo e impurit\u00e0, si ossigenano i bulbi piliferi e si favorisce la crescita dei capelli.<\/span>\r\n\r\n<span style=\"font-size: 18pt; font-family: verdana, geneva, sans-serif;\"><span style=\"color: #000000;\">L\u2019ossigeno apporta<\/span> <span style=\"color: #000000;\"><strong>tantissimi benefici a<\/strong><\/span><span style=\"color: #000000;\"><strong>l<\/strong><\/span><span style=\"color: #000000;\"><strong>la<\/strong><\/span> <span style=\"color: #000000;\"><strong>pelle<\/strong><\/span><span style=\"color: #000000;\">: garantisce il giusto afflusso di sangue, migliora quindi la circolazione sanguigna e stimola il ricambio cellulare.<\/span><\/span>\r\n\r\n<span style=\"color: #000000; font-size: 18pt; font-family: verdana, geneva, sans-serif;\">Ecco perch\u00e9 l\u2019ossigenazione \u00e8 strettamente correlata con la caduta dei capelli. <\/span>\r\n<h3 class=\"western\" align=\"center\"><span style=\"color: #000000; font-size: 24pt; font-family: verdana, geneva, sans-serif;\"><b>I NOSTRI RITUALI PER I VOSTRI CAPELLI<\/b><\/span><\/h3>\r\n<p style=\"text-align: center;\" align=\"left\"><span style=\"font-size: 18pt; font-family: verdana, geneva, sans-serif;\"><span style=\"color: #000000;\"><b>S<\/b><\/span><span style=\"color: #000000;\"><b>TEP N.1<\/b><\/span><\/span><\/p>\r\n<p align=\"left\"><span style=\"font-size: 18pt; font-family: verdana, geneva, sans-serif;\"><span style=\"color: #000000;\"><b>TRATTAMENTO DETOX: <\/b><\/span><span style=\"color: #000000;\"><span style=\"color: #ff0000;\"><strong><a style=\"color: #ff0000;\" href=\"https:\/\/www.flayrparrucchieri.it\/index.php\/2021\/01\/16\/stress-trattamenti-aggressivi-e-vita-quotidiana-intensa\/\">Herbs &amp; Clay Peeling Cleanser<\/a><\/strong><\/span> - L<\/span><span style=\"color: #000000;\">\u2019esperienza rigenerante che libera da stress e tossine, restituisce vitalit\u00e0 ed energia <\/span><span style=\"color: #000000;\">a c<\/span><span style=\"color: #000000;\">apelli e cuoio capelluto e ne previene squilibri e anomalie.<\/span><\/span><\/p>\r\n\r\n<h2 class=\"western\" style=\"text-align: center;\" align=\"left\"><span style=\"font-size: 18pt; font-family: verdana, geneva, sans-serif;\"><span style=\"color: #000000;\">S<\/span><span style=\"color: #000000;\">TEP N.2<\/span><\/span><\/h2>\r\n<h2 class=\"western\" align=\"left\"><span style=\"color: #000000; font-size: 18pt; font-family: verdana, geneva, sans-serif;\">IL TUO RITUALE A CASA: <\/span><\/h2>\r\n<span style=\"font-size: 18pt; font-family: verdana, geneva, sans-serif;\"><span style=\"color: #000000;\">E<\/span><span style=\"color: #000000;\">ffettua la detersione co<\/span><span style=\"color: #000000;\">n <\/span><a href=\"https:\/\/www.flayrparrucchieri.it\/index.php\/2020\/09\/03\/speciale-trattamento-durto-per-la-caduta-dei-capelli\/\"><span style=\"color: #ff0000;\"><strong><u><b>Micro-stimulating hair bath<\/b><\/u><\/strong><\/span><\/a><span style=\"color: #000000;\">: applicalo sui capelli umidi, massaggia e risciacqua, ripetendo se necessario.<\/span><\/span>\r\n\r\n<span style=\"font-size: 18pt; font-family: verdana, geneva, sans-serif;\"><span style=\"color: #000000;\">Condiziona le lunghezze al bisogno e, dopo il risciacquo, applica il tuo <\/span><strong><span style=\"color: #000000;\"><b>trattamento intensivo<\/b><\/span><\/strong> <span style=\"color: #ff0000;\"><strong><b>(<\/b><\/strong><a style=\"color: #ff0000;\" href=\"https:\/\/www.flayrparrucchieri.it\/index.php\/2020\/09\/03\/speciale-trattamento-durto-per-la-caduta-dei-capelli\/\"><strong><u><b>Densifying remedy o Vivifying remedy sensitive scalp<\/b><\/u><\/strong><\/a><strong><b>) <\/b><\/strong><\/span><span style=\"color: #000000;\">sui <\/span><strong><span style=\"color: #000000;\"><b>9 punti Z.A.P <\/b><\/span><\/strong><span style=\"color: #000000;\">appoggiando le dita ed eseguendo un massaggio con 3 cerchi a sinistra e 3 a destra. Lascia agire per qualche minuto e procedi con l\u2019asciugatura.<\/span><\/span>\r\n<p style=\"text-align: center;\"><span style=\"font-family: verdana, geneva, sans-serif;\"><strong><span style=\"font-size: 18pt; color: #ff0000;\">OPPURE<\/span><\/strong><\/span><\/p>\r\n<p style=\"text-align: left;\"><span style=\"font-family: verdana, geneva, sans-serif;\"><span style=\"font-size: 18pt;\"><a href=\"https:\/\/www.flayrparrucchieri.it\/index.php\/2020\/09\/09\/cambio-di-stagione-dai-nuova-forza-ai-capelli\/\"><span style=\"font-weight: bold; color: #000000;\"><span style=\"color: #ff0000;\">Shampoo Energizing<\/span>:<\/span><\/a> <\/span><span style=\"color: #000000; font-size: 18pt;\">Energia e delicatezza per la cute sensibile il detergente energizzante pi\u00f9 consigliato nel trattamento della cute sensibile per prevenire la caduta dei capelli, regolare gli eccessi di sebo ed evitare la desquamazione.<\/span><\/span><\/p>\r\n<p class=\"western\" align=\"left\"><span style=\"font-family: verdana, geneva, sans-serif;\"><a href=\"https:\/\/www.flayrparrucchieri.it\/index.php\/2020\/09\/09\/cambio-di-stagione-dai-nuova-forza-ai-capelli\/\"><span style=\"font-size: 18pt;\"><b><span style=\"color: #000000;\"><span style=\"color: #ff0000;\">Intensive Night Treatment:<\/span> <\/span><\/b><\/span><\/a><span style=\"color: #000000;\"><span style=\"font-size: 18pt;\">Contrasta la caduta stagionale con il trattamento intensivo rivitalizzante che ti aiuter\u00e0 a prevenire e contrastare la caduta e l\u2019indebolimento dei capelli, dovuti a stress o al cambio di stagione. Riequilibra la cute agevolando la naturale ricrescita, per capelli pi\u00f9 forti e folti.<\/span><\/span><\/span><\/p>\r\n&nbsp;","protected":false},"excerpt":{"rendered":"<p>La\u00a0caduta dei capelli\u00a0\u00e8 un problema che affligge anche molte\u00a0donne, non \u00e8 pi\u00f9 soltanto un problema maschile. La perdita dei capelli nelle donne \u00e8 un fenomeno in aumento. Prima di passare\u00a0 ai\u00a0rimedi da adottare, \u00e8 il caso di chiarire quali sono le cause. Le cause della caduta: stress:\u00a0il fenomeno dell&#8217;alopecia da stress pu\u00f2 essere pi\u00f9 o [&hellip;]<\/p>\n","protected":false},"author":2,"featured_media":5745,"comment_status":"open","ping_status":"open","sticky":false,"template":"","format":"standard","meta":{"footnotes":""},"categories":[7],"tags":[],"class_list":["post-5740","post","type-post","status-publish","format-standard","has-post-thumbnail","hentry","category-blog"],"yoast_head":"<!-- This site is optimized with the Yoast SEO plugin v28.2 - https:\/\/yoast.com\/product\/yoast-seo-wordpress\/ -->\n<title>Cause e rimedi efficaci per Caduta dei capelli nelle donne - blog<\/title>\n<meta name=\"description\" content=\"Flayr Parrucchieri - %La\u00a0caduta dei capelli\u00a0\u00e8 un problema che affligge anche molte\u00a0donne, non \u00e8 pi\u00f9 soltanto un problema maschile.\" \/>\n<meta name=\"robots\" content=\"index, follow, max-snippet:-1, max-image-preview:large, max-video-preview:-1\" \/>\n<link rel=\"canonical\" href=\"https:\/\/www.flayrparrucchieri.it\/index.php\/2021\/02\/19\/cause-e-rimedi-efficaci-per-caduta-dei-capelli-nelle-donne\/\" \/>\n<meta property=\"og:locale\" content=\"it_IT\" \/>\n<meta property=\"og:type\" content=\"article\" \/>\n<meta property=\"og:title\" content=\"Cause e rimedi efficaci per Caduta dei capelli nelle donne - blog\" \/>\n<meta property=\"og:description\" content=\"Flayr Parrucchieri - %La\u00a0caduta dei capelli\u00a0\u00e8 un problema che affligge anche molte\u00a0donne, non \u00e8 pi\u00f9 soltanto un problema maschile.\" \/>\n<meta property=\"og:url\" content=\"https:\/\/www.flayrparrucchieri.it\/index.php\/2021\/02\/19\/cause-e-rimedi-efficaci-per-caduta-dei-capelli-nelle-donne\/\" \/>\n<meta property=\"og:site_name\" content=\"Flayr Parrucchieri\" \/>\n<meta property=\"article:publisher\" content=\"https:\/\/www.facebook.com\/parrucchiereflayr\/?ref=settings\" \/>\n<meta property=\"article:published_time\" content=\"2021-02-19T16:41:40+00:00\" \/>\n<meta property=\"article:modified_time\" content=\"2022-10-05T10:06:36+00:00\" \/>\n<meta property=\"og:image\" content=\"https:\/\/www.flayrparrucchieri.it\/wp-content\/uploads\/2021\/02\/190228_14_Trinov_Ciclo-di-vita-capello_0.jpg\" \/>\n\t<meta property=\"og:image:width\" content=\"834\" \/>\n\t<meta property=\"og:image:height\" content=\"627\" \/>\n\t<meta property=\"og:image:type\" content=\"image\/jpeg\" \/>\n<meta name=\"author\" content=\"Giulia\" \/>\n<meta name=\"twitter:card\" content=\"summary_large_image\" \/>\n<meta name=\"twitter:label1\" content=\"Scritto da\" \/>\n\t<meta name=\"twitter:data1\" content=\"Giulia\" \/>\n\t<meta name=\"twitter:label2\" content=\"Tempo di lettura stimato\" \/>\n\t<meta name=\"twitter:data2\" content=\"4 minuti\" \/>\n<script type=\"application\/ld+json\" class=\"yoast-schema-graph\">{\"@context\":\"https:\\\/\\\/schema.org\",\"@graph\":[{\"@type\":\"Article\",\"@id\":\"https:\\\/\\\/www.flayrparrucchieri.it\\\/index.php\\\/2021\\\/02\\\/19\\\/cause-e-rimedi-efficaci-per-caduta-dei-capelli-nelle-donne\\\/#article\",\"isPartOf\":{\"@id\":\"https:\\\/\\\/www.flayrparrucchieri.it\\\/index.php\\\/2021\\\/02\\\/19\\\/cause-e-rimedi-efficaci-per-caduta-dei-capelli-nelle-donne\\\/\"},\"author\":{\"name\":\"Giulia\",\"@id\":\"https:\\\/\\\/www.flayrparrucchieri.it\\\/#\\\/schema\\\/person\\\/1bca739e4408617691096bbbda506eeb\"},\"headline\":\"Cause e rimedi efficaci per Caduta dei capelli nelle donne\",\"datePublished\":\"2021-02-19T16:41:40+00:00\",\"dateModified\":\"2022-10-05T10:06:36+00:00\",\"mainEntityOfPage\":{\"@id\":\"https:\\\/\\\/www.flayrparrucchieri.it\\\/index.php\\\/2021\\\/02\\\/19\\\/cause-e-rimedi-efficaci-per-caduta-dei-capelli-nelle-donne\\\/\"},\"wordCount\":692,\"commentCount\":0,\"publisher\":{\"@id\":\"https:\\\/\\\/www.flayrparrucchieri.it\\\/#organization\"},\"image\":{\"@id\":\"https:\\\/\\\/www.flayrparrucchieri.it\\\/index.php\\\/2021\\\/02\\\/19\\\/cause-e-rimedi-efficaci-per-caduta-dei-capelli-nelle-donne\\\/#primaryimage\"},\"thumbnailUrl\":\"https:\\\/\\\/www.flayrparrucchieri.it\\\/wp-content\\\/uploads\\\/2021\\\/02\\\/190228_14_Trinov_Ciclo-di-vita-capello_0.jpg\",\"articleSection\":[\"blog\"],\"inLanguage\":\"it-IT\",\"potentialAction\":[{\"@type\":\"CommentAction\",\"name\":\"Comment\",\"target\":[\"https:\\\/\\\/www.flayrparrucchieri.it\\\/index.php\\\/2021\\\/02\\\/19\\\/cause-e-rimedi-efficaci-per-caduta-dei-capelli-nelle-donne\\\/#respond\"]}]},{\"@type\":\"WebPage\",\"@id\":\"https:\\\/\\\/www.flayrparrucchieri.it\\\/index.php\\\/2021\\\/02\\\/19\\\/cause-e-rimedi-efficaci-per-caduta-dei-capelli-nelle-donne\\\/\",\"url\":\"https:\\\/\\\/www.flayrparrucchieri.it\\\/index.php\\\/2021\\\/02\\\/19\\\/cause-e-rimedi-efficaci-per-caduta-dei-capelli-nelle-donne\\\/\",\"name\":\"Cause e rimedi efficaci per Caduta dei capelli nelle donne - blog\",\"isPartOf\":{\"@id\":\"https:\\\/\\\/www.flayrparrucchieri.it\\\/#website\"},\"primaryImageOfPage\":{\"@id\":\"https:\\\/\\\/www.flayrparrucchieri.it\\\/index.php\\\/2021\\\/02\\\/19\\\/cause-e-rimedi-efficaci-per-caduta-dei-capelli-nelle-donne\\\/#primaryimage\"},\"image\":{\"@id\":\"https:\\\/\\\/www.flayrparrucchieri.it\\\/index.php\\\/2021\\\/02\\\/19\\\/cause-e-rimedi-efficaci-per-caduta-dei-capelli-nelle-donne\\\/#primaryimage\"},\"thumbnailUrl\":\"https:\\\/\\\/www.flayrparrucchieri.it\\\/wp-content\\\/uploads\\\/2021\\\/02\\\/190228_14_Trinov_Ciclo-di-vita-capello_0.jpg\",\"datePublished\":\"2021-02-19T16:41:40+00:00\",\"dateModified\":\"2022-10-05T10:06:36+00:00\",\"description\":\"Flayr Parrucchieri - %La\u00a0caduta dei capelli\u00a0\u00e8 un problema che affligge anche molte\u00a0donne, non \u00e8 pi\u00f9 soltanto un problema maschile.\",\"breadcrumb\":{\"@id\":\"https:\\\/\\\/www.flayrparrucchieri.it\\\/index.php\\\/2021\\\/02\\\/19\\\/cause-e-rimedi-efficaci-per-caduta-dei-capelli-nelle-donne\\\/#breadcrumb\"},\"inLanguage\":\"it-IT\",\"potentialAction\":[{\"@type\":\"ReadAction\",\"target\":[\"https:\\\/\\\/www.flayrparrucchieri.it\\\/index.php\\\/2021\\\/02\\\/19\\\/cause-e-rimedi-efficaci-per-caduta-dei-capelli-nelle-donne\\\/\"]}]},{\"@type\":\"ImageObject\",\"inLanguage\":\"it-IT\",\"@id\":\"https:\\\/\\\/www.flayrparrucchieri.it\\\/index.php\\\/2021\\\/02\\\/19\\\/cause-e-rimedi-efficaci-per-caduta-dei-capelli-nelle-donne\\\/#primaryimage\",\"url\":\"https:\\\/\\\/www.flayrparrucchieri.it\\\/wp-content\\\/uploads\\\/2021\\\/02\\\/190228_14_Trinov_Ciclo-di-vita-capello_0.jpg\",\"contentUrl\":\"https:\\\/\\\/www.flayrparrucchieri.it\\\/wp-content\\\/uploads\\\/2021\\\/02\\\/190228_14_Trinov_Ciclo-di-vita-capello_0.jpg\",\"width\":834,\"height\":627},{\"@type\":\"BreadcrumbList\",\"@id\":\"https:\\\/\\\/www.flayrparrucchieri.it\\\/index.php\\\/2021\\\/02\\\/19\\\/cause-e-rimedi-efficaci-per-caduta-dei-capelli-nelle-donne\\\/#breadcrumb\",\"itemListElement\":[{\"@type\":\"ListItem\",\"position\":1,\"name\":\"Home\",\"item\":\"https:\\\/\\\/www.flayrparrucchieri.it\\\/\"},{\"@type\":\"ListItem\",\"position\":2,\"name\":\"Cause e rimedi efficaci per Caduta dei capelli nelle donne\"}]},{\"@type\":\"WebSite\",\"@id\":\"https:\\\/\\\/www.flayrparrucchieri.it\\\/#website\",\"url\":\"https:\\\/\\\/www.flayrparrucchieri.it\\\/\",\"name\":\"Flayr Parrucchieri\",\"description\":\"Parrucchieri a Imola\",\"publisher\":{\"@id\":\"https:\\\/\\\/www.flayrparrucchieri.it\\\/#organization\"},\"potentialAction\":[{\"@type\":\"SearchAction\",\"target\":{\"@type\":\"EntryPoint\",\"urlTemplate\":\"https:\\\/\\\/www.flayrparrucchieri.it\\\/?s={search_term_string}\"},\"query-input\":{\"@type\":\"PropertyValueSpecification\",\"valueRequired\":true,\"valueName\":\"search_term_string\"}}],\"inLanguage\":\"it-IT\"},{\"@type\":\"Organization\",\"@id\":\"https:\\\/\\\/www.flayrparrucchieri.it\\\/#organization\",\"name\":\"ISABELLA BY FLAYR S.N.C.\",\"url\":\"https:\\\/\\\/www.flayrparrucchieri.it\\\/\",\"logo\":{\"@type\":\"ImageObject\",\"inLanguage\":\"it-IT\",\"@id\":\"https:\\\/\\\/www.flayrparrucchieri.it\\\/#\\\/schema\\\/logo\\\/image\\\/\",\"url\":\"https:\\\/\\\/www.flayrparrucchieri.it\\\/wp-content\\\/uploads\\\/2020\\\/02\\\/008A6437-scaled.jpg\",\"contentUrl\":\"https:\\\/\\\/www.flayrparrucchieri.it\\\/wp-content\\\/uploads\\\/2020\\\/02\\\/008A6437-scaled.jpg\",\"width\":2560,\"height\":1707,\"caption\":\"ISABELLA BY FLAYR S.N.C.\"},\"image\":{\"@id\":\"https:\\\/\\\/www.flayrparrucchieri.it\\\/#\\\/schema\\\/logo\\\/image\\\/\"},\"sameAs\":[\"https:\\\/\\\/www.facebook.com\\\/parrucchiereflayr\\\/?ref=settings\",\"https:\\\/\\\/www.instagram.com\\\/flayr_parrucchieri_imola\\\/?hl=it\"]},{\"@type\":\"Person\",\"@id\":\"https:\\\/\\\/www.flayrparrucchieri.it\\\/#\\\/schema\\\/person\\\/1bca739e4408617691096bbbda506eeb\",\"name\":\"Giulia\",\"image\":{\"@type\":\"ImageObject\",\"inLanguage\":\"it-IT\",\"@id\":\"https:\\\/\\\/secure.gravatar.com\\\/avatar\\\/208ba100597b1240735912829bc6f04167576818f5d2b5dd356bc62a10b40c62?s=96&d=mm&r=g\",\"url\":\"https:\\\/\\\/secure.gravatar.com\\\/avatar\\\/208ba100597b1240735912829bc6f04167576818f5d2b5dd356bc62a10b40c62?s=96&d=mm&r=g\",\"contentUrl\":\"https:\\\/\\\/secure.gravatar.com\\\/avatar\\\/208ba100597b1240735912829bc6f04167576818f5d2b5dd356bc62a10b40c62?s=96&d=mm&r=g\",\"caption\":\"Giulia\"}}]}<\/script>\n<!-- \/ Yoast SEO plugin. -->","yoast_head_json":{"title":"Cause e rimedi efficaci per Caduta dei capelli nelle donne - blog","description":"Flayr Parrucchieri - %La\u00a0caduta dei capelli\u00a0\u00e8 un problema che affligge anche molte\u00a0donne, non \u00e8 pi\u00f9 soltanto un problema maschile.","robots":{"index":"index","follow":"follow","max-snippet":"max-snippet:-1","max-image-preview":"max-image-preview:large","max-video-preview":"max-video-preview:-1"},"canonical":"https:\/\/www.flayrparrucchieri.it\/index.php\/2021\/02\/19\/cause-e-rimedi-efficaci-per-caduta-dei-capelli-nelle-donne\/","og_locale":"it_IT","og_type":"article","og_title":"Cause e rimedi efficaci per Caduta dei capelli nelle donne - blog","og_description":"Flayr Parrucchieri - %La\u00a0caduta dei capelli\u00a0\u00e8 un problema che affligge anche molte\u00a0donne, non \u00e8 pi\u00f9 soltanto un problema maschile.","og_url":"https:\/\/www.flayrparrucchieri.it\/index.php\/2021\/02\/19\/cause-e-rimedi-efficaci-per-caduta-dei-capelli-nelle-donne\/","og_site_name":"Flayr Parrucchieri","article_publisher":"https:\/\/www.facebook.com\/parrucchiereflayr\/?ref=settings","article_published_time":"2021-02-19T16:41:40+00:00","article_modified_time":"2022-10-05T10:06:36+00:00","og_image":[{"width":834,"height":627,"url":"https:\/\/www.flayrparrucchieri.it\/wp-content\/uploads\/2021\/02\/190228_14_Trinov_Ciclo-di-vita-capello_0.jpg","type":"image\/jpeg"}],"author":"Giulia","twitter_card":"summary_large_image","twitter_misc":{"Scritto da":"Giulia","Tempo di lettura stimato":"4 minuti"},"schema":{"@context":"https:\/\/schema.org","@graph":[{"@type":"Article","@id":"https:\/\/www.flayrparrucchieri.it\/index.php\/2021\/02\/19\/cause-e-rimedi-efficaci-per-caduta-dei-capelli-nelle-donne\/#article","isPartOf":{"@id":"https:\/\/www.flayrparrucchieri.it\/index.php\/2021\/02\/19\/cause-e-rimedi-efficaci-per-caduta-dei-capelli-nelle-donne\/"},"author":{"name":"Giulia","@id":"https:\/\/www.flayrparrucchieri.it\/#\/schema\/person\/1bca739e4408617691096bbbda506eeb"},"headline":"Cause e rimedi efficaci per Caduta dei capelli nelle donne","datePublished":"2021-02-19T16:41:40+00:00","dateModified":"2022-10-05T10:06:36+00:00","mainEntityOfPage":{"@id":"https:\/\/www.flayrparrucchieri.it\/index.php\/2021\/02\/19\/cause-e-rimedi-efficaci-per-caduta-dei-capelli-nelle-donne\/"},"wordCount":692,"commentCount":0,"publisher":{"@id":"https:\/\/www.flayrparrucchieri.it\/#organization"},"image":{"@id":"https:\/\/www.flayrparrucchieri.it\/index.php\/2021\/02\/19\/cause-e-rimedi-efficaci-per-caduta-dei-capelli-nelle-donne\/#primaryimage"},"thumbnailUrl":"https:\/\/www.flayrparrucchieri.it\/wp-content\/uploads\/2021\/02\/190228_14_Trinov_Ciclo-di-vita-capello_0.jpg","articleSection":["blog"],"inLanguage":"it-IT","potentialAction":[{"@type":"CommentAction","name":"Comment","target":["https:\/\/www.flayrparrucchieri.it\/index.php\/2021\/02\/19\/cause-e-rimedi-efficaci-per-caduta-dei-capelli-nelle-donne\/#respond"]}]},{"@type":"WebPage","@id":"https:\/\/www.flayrparrucchieri.it\/index.php\/2021\/02\/19\/cause-e-rimedi-efficaci-per-caduta-dei-capelli-nelle-donne\/","url":"https:\/\/www.flayrparrucchieri.it\/index.php\/2021\/02\/19\/cause-e-rimedi-efficaci-per-caduta-dei-capelli-nelle-donne\/","name":"Cause e rimedi efficaci per Caduta dei capelli nelle donne - blog","isPartOf":{"@id":"https:\/\/www.flayrparrucchieri.it\/#website"},"primaryImageOfPage":{"@id":"https:\/\/www.flayrparrucchieri.it\/index.php\/2021\/02\/19\/cause-e-rimedi-efficaci-per-caduta-dei-capelli-nelle-donne\/#primaryimage"},"image":{"@id":"https:\/\/www.flayrparrucchieri.it\/index.php\/2021\/02\/19\/cause-e-rimedi-efficaci-per-caduta-dei-capelli-nelle-donne\/#primaryimage"},"thumbnailUrl":"https:\/\/www.flayrparrucchieri.it\/wp-content\/uploads\/2021\/02\/190228_14_Trinov_Ciclo-di-vita-capello_0.jpg","datePublished":"2021-02-19T16:41:40+00:00","dateModified":"2022-10-05T10:06:36+00:00","description":"Flayr Parrucchieri - %La\u00a0caduta dei capelli\u00a0\u00e8 un problema che affligge anche molte\u00a0donne, non \u00e8 pi\u00f9 soltanto un problema maschile.","breadcrumb":{"@id":"https:\/\/www.flayrparrucchieri.it\/index.php\/2021\/02\/19\/cause-e-rimedi-efficaci-per-caduta-dei-capelli-nelle-donne\/#breadcrumb"},"inLanguage":"it-IT","potentialAction":[{"@type":"ReadAction","target":["https:\/\/www.flayrparrucchieri.it\/index.php\/2021\/02\/19\/cause-e-rimedi-efficaci-per-caduta-dei-capelli-nelle-donne\/"]}]},{"@type":"ImageObject","inLanguage":"it-IT","@id":"https:\/\/www.flayrparrucchieri.it\/index.php\/2021\/02\/19\/cause-e-rimedi-efficaci-per-caduta-dei-capelli-nelle-donne\/#primaryimage","url":"https:\/\/www.flayrparrucchieri.it\/wp-content\/uploads\/2021\/02\/190228_14_Trinov_Ciclo-di-vita-capello_0.jpg","contentUrl":"https:\/\/www.flayrparrucchieri.it\/wp-content\/uploads\/2021\/02\/190228_14_Trinov_Ciclo-di-vita-capello_0.jpg","width":834,"height":627},{"@type":"BreadcrumbList","@id":"https:\/\/www.flayrparrucchieri.it\/index.php\/2021\/02\/19\/cause-e-rimedi-efficaci-per-caduta-dei-capelli-nelle-donne\/#breadcrumb","itemListElement":[{"@type":"ListItem","position":1,"name":"Home","item":"https:\/\/www.flayrparrucchieri.it\/"},{"@type":"ListItem","position":2,"name":"Cause e rimedi efficaci per Caduta dei capelli nelle donne"}]},{"@type":"WebSite","@id":"https:\/\/www.flayrparrucchieri.it\/#website","url":"https:\/\/www.flayrparrucchieri.it\/","name":"Flayr Parrucchieri","description":"Parrucchieri a Imola","publisher":{"@id":"https:\/\/www.flayrparrucchieri.it\/#organization"},"potentialAction":[{"@type":"SearchAction","target":{"@type":"EntryPoint","urlTemplate":"https:\/\/www.flayrparrucchieri.it\/?s={search_term_string}"},"query-input":{"@type":"PropertyValueSpecification","valueRequired":true,"valueName":"search_term_string"}}],"inLanguage":"it-IT"},{"@type":"Organization","@id":"https:\/\/www.flayrparrucchieri.it\/#organization","name":"ISABELLA BY FLAYR S.N.C.","url":"https:\/\/www.flayrparrucchieri.it\/","logo":{"@type":"ImageObject","inLanguage":"it-IT","@id":"https:\/\/www.flayrparrucchieri.it\/#\/schema\/logo\/image\/","url":"https:\/\/www.flayrparrucchieri.it\/wp-content\/uploads\/2020\/02\/008A6437-scaled.jpg","contentUrl":"https:\/\/www.flayrparrucchieri.it\/wp-content\/uploads\/2020\/02\/008A6437-scaled.jpg","width":2560,"height":1707,"caption":"ISABELLA BY FLAYR S.N.C."},"image":{"@id":"https:\/\/www.flayrparrucchieri.it\/#\/schema\/logo\/image\/"},"sameAs":["https:\/\/www.facebook.com\/parrucchiereflayr\/?ref=settings","https:\/\/www.instagram.com\/flayr_parrucchieri_imola\/?hl=it"]},{"@type":"Person","@id":"https:\/\/www.flayrparrucchieri.it\/#\/schema\/person\/1bca739e4408617691096bbbda506eeb","name":"Giulia","image":{"@type":"ImageObject","inLanguage":"it-IT","@id":"https:\/\/secure.gravatar.com\/avatar\/208ba100597b1240735912829bc6f04167576818f5d2b5dd356bc62a10b40c62?s=96&d=mm&r=g","url":"https:\/\/secure.gravatar.com\/avatar\/208ba100597b1240735912829bc6f04167576818f5d2b5dd356bc62a10b40c62?s=96&d=mm&r=g","contentUrl":"https:\/\/secure.gravatar.com\/avatar\/208ba100597b1240735912829bc6f04167576818f5d2b5dd356bc62a10b40c62?s=96&d=mm&r=g","caption":"Giulia"}}]}},"_links":{"self":[{"href":"https:\/\/www.flayrparrucchieri.it\/index.php\/wp-json\/wp\/v2\/posts\/5740","targetHints":{"allow":["GET"]}}],"collection":[{"href":"https:\/\/www.flayrparrucchieri.it\/index.php\/wp-json\/wp\/v2\/posts"}],"about":[{"href":"https:\/\/www.flayrparrucchieri.it\/index.php\/wp-json\/wp\/v2\/types\/post"}],"author":[{"embeddable":true,"href":"https:\/\/www.flayrparrucchieri.it\/index.php\/wp-json\/wp\/v2\/users\/2"}],"replies":[{"embeddable":true,"href":"https:\/\/www.flayrparrucchieri.it\/index.php\/wp-json\/wp\/v2\/comments?post=5740"}],"version-history":[{"count":9,"href":"https:\/\/www.flayrparrucchieri.it\/index.php\/wp-json\/wp\/v2\/posts\/5740\/revisions"}],"predecessor-version":[{"id":5889,"href":"https:\/\/www.flayrparrucchieri.it\/index.php\/wp-json\/wp\/v2\/posts\/5740\/revisions\/5889"}],"wp:featuredmedia":[{"embeddable":true,"href":"https:\/\/www.flayrparrucchieri.it\/index.php\/wp-json\/wp\/v2\/media\/5745"}],"wp:attachment":[{"href":"https:\/\/www.flayrparrucchieri.it\/index.php\/wp-json\/wp\/v2\/media?parent=5740"}],"wp:term":[{"taxonomy":"category","embeddable":true,"href":"https:\/\/www.flayrparrucchieri.it\/index.php\/wp-json\/wp\/v2\/categories?post=5740"},{"taxonomy":"post_tag","embeddable":true,"href":"https:\/\/www.flayrparrucchieri.it\/index.php\/wp-json\/wp\/v2\/tags?post=5740"}],"curies":[{"name":"wp","href":"https:\/\/api.w.org\/{rel}","templated":true}]}}