{"id":6110,"date":"2023-10-24T08:52:38","date_gmt":"2023-10-24T08:52:38","guid":{"rendered":"https:\/\/www.flayrparrucchieri.it\/?p=6110"},"modified":"2023-10-24T08:52:38","modified_gmt":"2023-10-24T08:52:38","slug":"riequilibriamoci-in-autunno","status":"publish","type":"post","link":"https:\/\/www.flayrparrucchieri.it\/index.php\/2023\/10\/24\/riequilibriamoci-in-autunno\/","title":{"rendered":"Riequilibriamoci in autunno!"},"content":{"rendered":"<section><div class=\"container\"><div class=\"row\"><div class=\"wpb_column brando-column-container col-sm-12  col-xs-mobile-fullwidth\"><div class=\"vc-column-innner-wrapper\"><div class=\"wpd-innner-wrapper\"><h2 style=\"text-align: center;\">Riequilibriamoci in autunno!<\/h2>\n<h6>Vedi i tuoi capelli spenti? Sole, piscine, vento..hanno danneggiato l'aspetto del tuo look? Allora, leggi l'articolo!<\/h6>\n[vc_separator 0=\"\"]<p style=\"text-align: center;\"><span style=\"color: #000000; font-size: large;\"><span style=\"caret-color: #000000;\">Ti sveliamo come riequilibrare la situazione!<\/span><\/span><\/p>\n<p style=\"text-align: center;\"><span style=\"font-size: x-large;\"><i>Flayr ha sempre la soluzione!<\/i><\/span><\/p>\n[vc_separator 0=\"\"]<div><div class=\"wpb_column brando-column-container  col-xs-mobile-fullwidth\"><div class=\"vc-column-innner-wrapper\"><div class=\"wpd-innner-wrapper\">[vc_custom_heading text=\"Qual \u00e8 la nostra idea?\" font_container=\"tag:h2|text_align:center\"]<p style=\"text-align: center;\"><span style=\"color: #000000; font-size: large;\"><span style=\"caret-color: #000000;\">Ecco il percorso riequilibrante che ti proponiamo!<\/span><\/span><\/p>\n<p>1)Prima di tutto analizziamo che tipo di cute hai: parte tutto da l\u00ec! Non si possono proporre trattamenti mirati senza una specifica analisi a monte, lo sapevi? In salone quindi, vedremo, grazie all'uso della\u00a0<strong>microcamera<\/strong>, lo stato della tua cute!<\/p>\n<p>2) Una volta individuato il problema (cute grassa, forfora, forte caduta..) sapremo proporti il trattamento personalizzato perfetto per te! Ed insieme sceglieremo anche se effettuare un trattamento <a href=\"https:\/\/nashiargan.it\">Nashi<\/a> o <a href=\"https:\/\/oway.com\/it-it\/\">Oway<\/a>!<\/p>\n<p class=\"has-text-align-left has-3-xl-font-size\">La nostra promo \u00e8 super semplice! Eccola qui:<\/p>\n<\/div><\/div><\/div><\/div>[vc_separator 0=\"\"]<p style=\"text-align: center;\"><span style=\"color: #000000; font-size: large;\"><span style=\"caret-color: #000000;\">Sei indecisa sul trattamento perfetto per te? Nessun problema, vediamolo insieme in salone!<\/span><\/span><\/p>\n<p style=\"text-align: center;\"><span style=\"font-size: 18pt;\"><strong>4 TRATTAMENTI: 1 GRATIS!<\/strong><\/span><\/p>\n<p style=\"text-align: center;\"><span style=\"font-size: 18pt;\">Al costo totale di <strong>72\u20ac<\/strong> invece di 96\u20ac!<\/span><\/p>\n<p style=\"text-align: center;\"><span style=\"font-size: 18pt;\"><strong>1 trattamento ogni 15 giorni<\/strong>, da effettuarsi su appuntamento il <em>marted\u00ec, il mercoled\u00ec o il gioved\u00ec<\/em>!<\/span><\/p>\n[vc_btn title=\"PRENOTA ORA! \" color=\"green\" align=\"center\" link=\"url:https%3A%2F%2Fwa.me%2F%2B393921444869||target:%20_blank|\"]<\/div><\/div><\/div><\/div><\/div><\/section>","protected":false},"excerpt":{"rendered":"<p>Riequilibriamoci in autunno! Vedi i tuoi capelli spenti? Sole, piscine, vento..hanno danneggiato l&#8217;aspetto del tuo look? Allora, leggi l&#8217;articolo! [vc_separator 0=&#8221;&#8221;]Ti sveliamo come riequilibrare la situazione! Flayr ha sempre la soluzione! [vc_separator 0=&#8221;&#8221;][vc_custom_heading text=&#8221;Qual \u00e8 la nostra idea?&#8221; font_container=&#8221;tag:h2|text_align:center&#8221;]Ecco il percorso riequilibrante che ti proponiamo! 1)Prima di tutto analizziamo che tipo di cute hai: parte [&hellip;]<\/p>\n","protected":false},"author":2,"featured_media":6116,"comment_status":"closed","ping_status":"closed","sticky":false,"template":"","format":"standard","meta":{"footnotes":""},"categories":[7],"tags":[97,96,102,63,36,100,101],"class_list":["post-6110","post","type-post","status-publish","format-standard","has-post-thumbnail","hentry","category-blog","tag-capelliestate","tag-estate","tag-estate2023","tag-nashi","tag-oway","tag-tendenze","tag-tendenzecapelli"],"yoast_head":"<!-- This site is optimized with the Yoast SEO plugin v28.2 - https:\/\/yoast.com\/product\/yoast-seo-wordpress\/ -->\n<title>Riequilibriamoci in autunno! Flayr Parrucchieri<\/title>\n<meta name=\"description\" content=\"Flayr Parrucchieri Riequilibriamoci in autunno! blog Salva i capelli dopo l&#039;estate!\" \/>\n<meta name=\"robots\" content=\"index, follow, max-snippet:-1, max-image-preview:large, max-video-preview:-1\" \/>\n<link rel=\"canonical\" href=\"https:\/\/www.flayrparrucchieri.it\/index.php\/2023\/10\/24\/riequilibriamoci-in-autunno\/\" \/>\n<meta property=\"og:locale\" content=\"it_IT\" \/>\n<meta property=\"og:type\" content=\"article\" \/>\n<meta property=\"og:title\" content=\"Riequilibriamoci in autunno! Flayr Parrucchieri\" \/>\n<meta property=\"og:description\" content=\"Flayr Parrucchieri Riequilibriamoci in autunno! blog Salva i capelli dopo l&#039;estate!\" \/>\n<meta property=\"og:url\" content=\"https:\/\/www.flayrparrucchieri.it\/index.php\/2023\/10\/24\/riequilibriamoci-in-autunno\/\" \/>\n<meta property=\"og:site_name\" content=\"Flayr Parrucchieri\" \/>\n<meta property=\"article:publisher\" content=\"https:\/\/www.facebook.com\/parrucchiereflayr\/?ref=settings\" \/>\n<meta property=\"article:published_time\" content=\"2023-10-24T08:52:38+00:00\" \/>\n<meta property=\"og:image\" content=\"https:\/\/www.flayrparrucchieri.it\/wp-content\/uploads\/2023\/10\/flayr-articoli-sito.png\" \/>\n\t<meta property=\"og:image:width\" content=\"720\" \/>\n\t<meta property=\"og:image:height\" content=\"1280\" \/>\n\t<meta property=\"og:image:type\" content=\"image\/png\" \/>\n<meta name=\"author\" content=\"Giulia\" \/>\n<meta name=\"twitter:card\" content=\"summary_large_image\" \/>\n<meta name=\"twitter:label1\" content=\"Scritto da\" \/>\n\t<meta name=\"twitter:data1\" content=\"Giulia\" \/>\n\t<meta name=\"twitter:label2\" content=\"Tempo di lettura stimato\" \/>\n\t<meta name=\"twitter:data2\" content=\"1 minuto\" \/>\n<script type=\"application\/ld+json\" class=\"yoast-schema-graph\">{\"@context\":\"https:\\\/\\\/schema.org\",\"@graph\":[{\"@type\":\"Article\",\"@id\":\"https:\\\/\\\/www.flayrparrucchieri.it\\\/index.php\\\/2023\\\/10\\\/24\\\/riequilibriamoci-in-autunno\\\/#article\",\"isPartOf\":{\"@id\":\"https:\\\/\\\/www.flayrparrucchieri.it\\\/index.php\\\/2023\\\/10\\\/24\\\/riequilibriamoci-in-autunno\\\/\"},\"author\":{\"name\":\"Giulia\",\"@id\":\"https:\\\/\\\/www.flayrparrucchieri.it\\\/#\\\/schema\\\/person\\\/1bca739e4408617691096bbbda506eeb\"},\"headline\":\"Riequilibriamoci in autunno!\",\"datePublished\":\"2023-10-24T08:52:38+00:00\",\"mainEntityOfPage\":{\"@id\":\"https:\\\/\\\/www.flayrparrucchieri.it\\\/index.php\\\/2023\\\/10\\\/24\\\/riequilibriamoci-in-autunno\\\/\"},\"wordCount\":256,\"publisher\":{\"@id\":\"https:\\\/\\\/www.flayrparrucchieri.it\\\/#organization\"},\"image\":{\"@id\":\"https:\\\/\\\/www.flayrparrucchieri.it\\\/index.php\\\/2023\\\/10\\\/24\\\/riequilibriamoci-in-autunno\\\/#primaryimage\"},\"thumbnailUrl\":\"https:\\\/\\\/www.flayrparrucchieri.it\\\/wp-content\\\/uploads\\\/2023\\\/10\\\/flayr-articoli-sito.png\",\"keywords\":[\"capelliestate\",\"estate\",\"estate2023\",\"nashi\",\"oway\",\"tendenze\",\"tendenzecapelli\"],\"articleSection\":[\"blog\"],\"inLanguage\":\"it-IT\"},{\"@type\":\"WebPage\",\"@id\":\"https:\\\/\\\/www.flayrparrucchieri.it\\\/index.php\\\/2023\\\/10\\\/24\\\/riequilibriamoci-in-autunno\\\/\",\"url\":\"https:\\\/\\\/www.flayrparrucchieri.it\\\/index.php\\\/2023\\\/10\\\/24\\\/riequilibriamoci-in-autunno\\\/\",\"name\":\"Riequilibriamoci in autunno! Flayr Parrucchieri\",\"isPartOf\":{\"@id\":\"https:\\\/\\\/www.flayrparrucchieri.it\\\/#website\"},\"primaryImageOfPage\":{\"@id\":\"https:\\\/\\\/www.flayrparrucchieri.it\\\/index.php\\\/2023\\\/10\\\/24\\\/riequilibriamoci-in-autunno\\\/#primaryimage\"},\"image\":{\"@id\":\"https:\\\/\\\/www.flayrparrucchieri.it\\\/index.php\\\/2023\\\/10\\\/24\\\/riequilibriamoci-in-autunno\\\/#primaryimage\"},\"thumbnailUrl\":\"https:\\\/\\\/www.flayrparrucchieri.it\\\/wp-content\\\/uploads\\\/2023\\\/10\\\/flayr-articoli-sito.png\",\"datePublished\":\"2023-10-24T08:52:38+00:00\",\"description\":\"Flayr Parrucchieri Riequilibriamoci in autunno! blog Salva i capelli dopo l'estate!\",\"breadcrumb\":{\"@id\":\"https:\\\/\\\/www.flayrparrucchieri.it\\\/index.php\\\/2023\\\/10\\\/24\\\/riequilibriamoci-in-autunno\\\/#breadcrumb\"},\"inLanguage\":\"it-IT\",\"potentialAction\":[{\"@type\":\"ReadAction\",\"target\":[\"https:\\\/\\\/www.flayrparrucchieri.it\\\/index.php\\\/2023\\\/10\\\/24\\\/riequilibriamoci-in-autunno\\\/\"]}]},{\"@type\":\"ImageObject\",\"inLanguage\":\"it-IT\",\"@id\":\"https:\\\/\\\/www.flayrparrucchieri.it\\\/index.php\\\/2023\\\/10\\\/24\\\/riequilibriamoci-in-autunno\\\/#primaryimage\",\"url\":\"https:\\\/\\\/www.flayrparrucchieri.it\\\/wp-content\\\/uploads\\\/2023\\\/10\\\/flayr-articoli-sito.png\",\"contentUrl\":\"https:\\\/\\\/www.flayrparrucchieri.it\\\/wp-content\\\/uploads\\\/2023\\\/10\\\/flayr-articoli-sito.png\",\"width\":720,\"height\":1280},{\"@type\":\"BreadcrumbList\",\"@id\":\"https:\\\/\\\/www.flayrparrucchieri.it\\\/index.php\\\/2023\\\/10\\\/24\\\/riequilibriamoci-in-autunno\\\/#breadcrumb\",\"itemListElement\":[{\"@type\":\"ListItem\",\"position\":1,\"name\":\"Home\",\"item\":\"https:\\\/\\\/www.flayrparrucchieri.it\\\/\"},{\"@type\":\"ListItem\",\"position\":2,\"name\":\"Riequilibriamoci in autunno!\"}]},{\"@type\":\"WebSite\",\"@id\":\"https:\\\/\\\/www.flayrparrucchieri.it\\\/#website\",\"url\":\"https:\\\/\\\/www.flayrparrucchieri.it\\\/\",\"name\":\"Flayr Parrucchieri\",\"description\":\"Parrucchieri a Imola\",\"publisher\":{\"@id\":\"https:\\\/\\\/www.flayrparrucchieri.it\\\/#organization\"},\"potentialAction\":[{\"@type\":\"SearchAction\",\"target\":{\"@type\":\"EntryPoint\",\"urlTemplate\":\"https:\\\/\\\/www.flayrparrucchieri.it\\\/?s={search_term_string}\"},\"query-input\":{\"@type\":\"PropertyValueSpecification\",\"valueRequired\":true,\"valueName\":\"search_term_string\"}}],\"inLanguage\":\"it-IT\"},{\"@type\":\"Organization\",\"@id\":\"https:\\\/\\\/www.flayrparrucchieri.it\\\/#organization\",\"name\":\"ISABELLA BY FLAYR S.N.C.\",\"url\":\"https:\\\/\\\/www.flayrparrucchieri.it\\\/\",\"logo\":{\"@type\":\"ImageObject\",\"inLanguage\":\"it-IT\",\"@id\":\"https:\\\/\\\/www.flayrparrucchieri.it\\\/#\\\/schema\\\/logo\\\/image\\\/\",\"url\":\"https:\\\/\\\/www.flayrparrucchieri.it\\\/wp-content\\\/uploads\\\/2020\\\/02\\\/008A6437-scaled.jpg\",\"contentUrl\":\"https:\\\/\\\/www.flayrparrucchieri.it\\\/wp-content\\\/uploads\\\/2020\\\/02\\\/008A6437-scaled.jpg\",\"width\":2560,\"height\":1707,\"caption\":\"ISABELLA BY FLAYR S.N.C.\"},\"image\":{\"@id\":\"https:\\\/\\\/www.flayrparrucchieri.it\\\/#\\\/schema\\\/logo\\\/image\\\/\"},\"sameAs\":[\"https:\\\/\\\/www.facebook.com\\\/parrucchiereflayr\\\/?ref=settings\",\"https:\\\/\\\/www.instagram.com\\\/flayr_parrucchieri_imola\\\/?hl=it\"]},{\"@type\":\"Person\",\"@id\":\"https:\\\/\\\/www.flayrparrucchieri.it\\\/#\\\/schema\\\/person\\\/1bca739e4408617691096bbbda506eeb\",\"name\":\"Giulia\",\"image\":{\"@type\":\"ImageObject\",\"inLanguage\":\"it-IT\",\"@id\":\"https:\\\/\\\/secure.gravatar.com\\\/avatar\\\/208ba100597b1240735912829bc6f04167576818f5d2b5dd356bc62a10b40c62?s=96&d=mm&r=g\",\"url\":\"https:\\\/\\\/secure.gravatar.com\\\/avatar\\\/208ba100597b1240735912829bc6f04167576818f5d2b5dd356bc62a10b40c62?s=96&d=mm&r=g\",\"contentUrl\":\"https:\\\/\\\/secure.gravatar.com\\\/avatar\\\/208ba100597b1240735912829bc6f04167576818f5d2b5dd356bc62a10b40c62?s=96&d=mm&r=g\",\"caption\":\"Giulia\"}}]}<\/script>\n<!-- \/ Yoast SEO plugin. -->","yoast_head_json":{"title":"Riequilibriamoci in autunno! Flayr Parrucchieri","description":"Flayr Parrucchieri Riequilibriamoci in autunno! blog Salva i capelli dopo l'estate!","robots":{"index":"index","follow":"follow","max-snippet":"max-snippet:-1","max-image-preview":"max-image-preview:large","max-video-preview":"max-video-preview:-1"},"canonical":"https:\/\/www.flayrparrucchieri.it\/index.php\/2023\/10\/24\/riequilibriamoci-in-autunno\/","og_locale":"it_IT","og_type":"article","og_title":"Riequilibriamoci in autunno! Flayr Parrucchieri","og_description":"Flayr Parrucchieri Riequilibriamoci in autunno! blog Salva i capelli dopo l'estate!","og_url":"https:\/\/www.flayrparrucchieri.it\/index.php\/2023\/10\/24\/riequilibriamoci-in-autunno\/","og_site_name":"Flayr Parrucchieri","article_publisher":"https:\/\/www.facebook.com\/parrucchiereflayr\/?ref=settings","article_published_time":"2023-10-24T08:52:38+00:00","og_image":[{"width":720,"height":1280,"url":"https:\/\/www.flayrparrucchieri.it\/wp-content\/uploads\/2023\/10\/flayr-articoli-sito.png","type":"image\/png"}],"author":"Giulia","twitter_card":"summary_large_image","twitter_misc":{"Scritto da":"Giulia","Tempo di lettura stimato":"1 minuto"},"schema":{"@context":"https:\/\/schema.org","@graph":[{"@type":"Article","@id":"https:\/\/www.flayrparrucchieri.it\/index.php\/2023\/10\/24\/riequilibriamoci-in-autunno\/#article","isPartOf":{"@id":"https:\/\/www.flayrparrucchieri.it\/index.php\/2023\/10\/24\/riequilibriamoci-in-autunno\/"},"author":{"name":"Giulia","@id":"https:\/\/www.flayrparrucchieri.it\/#\/schema\/person\/1bca739e4408617691096bbbda506eeb"},"headline":"Riequilibriamoci in autunno!","datePublished":"2023-10-24T08:52:38+00:00","mainEntityOfPage":{"@id":"https:\/\/www.flayrparrucchieri.it\/index.php\/2023\/10\/24\/riequilibriamoci-in-autunno\/"},"wordCount":256,"publisher":{"@id":"https:\/\/www.flayrparrucchieri.it\/#organization"},"image":{"@id":"https:\/\/www.flayrparrucchieri.it\/index.php\/2023\/10\/24\/riequilibriamoci-in-autunno\/#primaryimage"},"thumbnailUrl":"https:\/\/www.flayrparrucchieri.it\/wp-content\/uploads\/2023\/10\/flayr-articoli-sito.png","keywords":["capelliestate","estate","estate2023","nashi","oway","tendenze","tendenzecapelli"],"articleSection":["blog"],"inLanguage":"it-IT"},{"@type":"WebPage","@id":"https:\/\/www.flayrparrucchieri.it\/index.php\/2023\/10\/24\/riequilibriamoci-in-autunno\/","url":"https:\/\/www.flayrparrucchieri.it\/index.php\/2023\/10\/24\/riequilibriamoci-in-autunno\/","name":"Riequilibriamoci in autunno! Flayr Parrucchieri","isPartOf":{"@id":"https:\/\/www.flayrparrucchieri.it\/#website"},"primaryImageOfPage":{"@id":"https:\/\/www.flayrparrucchieri.it\/index.php\/2023\/10\/24\/riequilibriamoci-in-autunno\/#primaryimage"},"image":{"@id":"https:\/\/www.flayrparrucchieri.it\/index.php\/2023\/10\/24\/riequilibriamoci-in-autunno\/#primaryimage"},"thumbnailUrl":"https:\/\/www.flayrparrucchieri.it\/wp-content\/uploads\/2023\/10\/flayr-articoli-sito.png","datePublished":"2023-10-24T08:52:38+00:00","description":"Flayr Parrucchieri Riequilibriamoci in autunno! blog Salva i capelli dopo l'estate!","breadcrumb":{"@id":"https:\/\/www.flayrparrucchieri.it\/index.php\/2023\/10\/24\/riequilibriamoci-in-autunno\/#breadcrumb"},"inLanguage":"it-IT","potentialAction":[{"@type":"ReadAction","target":["https:\/\/www.flayrparrucchieri.it\/index.php\/2023\/10\/24\/riequilibriamoci-in-autunno\/"]}]},{"@type":"ImageObject","inLanguage":"it-IT","@id":"https:\/\/www.flayrparrucchieri.it\/index.php\/2023\/10\/24\/riequilibriamoci-in-autunno\/#primaryimage","url":"https:\/\/www.flayrparrucchieri.it\/wp-content\/uploads\/2023\/10\/flayr-articoli-sito.png","contentUrl":"https:\/\/www.flayrparrucchieri.it\/wp-content\/uploads\/2023\/10\/flayr-articoli-sito.png","width":720,"height":1280},{"@type":"BreadcrumbList","@id":"https:\/\/www.flayrparrucchieri.it\/index.php\/2023\/10\/24\/riequilibriamoci-in-autunno\/#breadcrumb","itemListElement":[{"@type":"ListItem","position":1,"name":"Home","item":"https:\/\/www.flayrparrucchieri.it\/"},{"@type":"ListItem","position":2,"name":"Riequilibriamoci in autunno!"}]},{"@type":"WebSite","@id":"https:\/\/www.flayrparrucchieri.it\/#website","url":"https:\/\/www.flayrparrucchieri.it\/","name":"Flayr Parrucchieri","description":"Parrucchieri a Imola","publisher":{"@id":"https:\/\/www.flayrparrucchieri.it\/#organization"},"potentialAction":[{"@type":"SearchAction","target":{"@type":"EntryPoint","urlTemplate":"https:\/\/www.flayrparrucchieri.it\/?s={search_term_string}"},"query-input":{"@type":"PropertyValueSpecification","valueRequired":true,"valueName":"search_term_string"}}],"inLanguage":"it-IT"},{"@type":"Organization","@id":"https:\/\/www.flayrparrucchieri.it\/#organization","name":"ISABELLA BY FLAYR S.N.C.","url":"https:\/\/www.flayrparrucchieri.it\/","logo":{"@type":"ImageObject","inLanguage":"it-IT","@id":"https:\/\/www.flayrparrucchieri.it\/#\/schema\/logo\/image\/","url":"https:\/\/www.flayrparrucchieri.it\/wp-content\/uploads\/2020\/02\/008A6437-scaled.jpg","contentUrl":"https:\/\/www.flayrparrucchieri.it\/wp-content\/uploads\/2020\/02\/008A6437-scaled.jpg","width":2560,"height":1707,"caption":"ISABELLA BY FLAYR S.N.C."},"image":{"@id":"https:\/\/www.flayrparrucchieri.it\/#\/schema\/logo\/image\/"},"sameAs":["https:\/\/www.facebook.com\/parrucchiereflayr\/?ref=settings","https:\/\/www.instagram.com\/flayr_parrucchieri_imola\/?hl=it"]},{"@type":"Person","@id":"https:\/\/www.flayrparrucchieri.it\/#\/schema\/person\/1bca739e4408617691096bbbda506eeb","name":"Giulia","image":{"@type":"ImageObject","inLanguage":"it-IT","@id":"https:\/\/secure.gravatar.com\/avatar\/208ba100597b1240735912829bc6f04167576818f5d2b5dd356bc62a10b40c62?s=96&d=mm&r=g","url":"https:\/\/secure.gravatar.com\/avatar\/208ba100597b1240735912829bc6f04167576818f5d2b5dd356bc62a10b40c62?s=96&d=mm&r=g","contentUrl":"https:\/\/secure.gravatar.com\/avatar\/208ba100597b1240735912829bc6f04167576818f5d2b5dd356bc62a10b40c62?s=96&d=mm&r=g","caption":"Giulia"}}]}},"_links":{"self":[{"href":"https:\/\/www.flayrparrucchieri.it\/index.php\/wp-json\/wp\/v2\/posts\/6110","targetHints":{"allow":["GET"]}}],"collection":[{"href":"https:\/\/www.flayrparrucchieri.it\/index.php\/wp-json\/wp\/v2\/posts"}],"about":[{"href":"https:\/\/www.flayrparrucchieri.it\/index.php\/wp-json\/wp\/v2\/types\/post"}],"author":[{"embeddable":true,"href":"https:\/\/www.flayrparrucchieri.it\/index.php\/wp-json\/wp\/v2\/users\/2"}],"replies":[{"embeddable":true,"href":"https:\/\/www.flayrparrucchieri.it\/index.php\/wp-json\/wp\/v2\/comments?post=6110"}],"version-history":[{"count":5,"href":"https:\/\/www.flayrparrucchieri.it\/index.php\/wp-json\/wp\/v2\/posts\/6110\/revisions"}],"predecessor-version":[{"id":6117,"href":"https:\/\/www.flayrparrucchieri.it\/index.php\/wp-json\/wp\/v2\/posts\/6110\/revisions\/6117"}],"wp:featuredmedia":[{"embeddable":true,"href":"https:\/\/www.flayrparrucchieri.it\/index.php\/wp-json\/wp\/v2\/media\/6116"}],"wp:attachment":[{"href":"https:\/\/www.flayrparrucchieri.it\/index.php\/wp-json\/wp\/v2\/media?parent=6110"}],"wp:term":[{"taxonomy":"category","embeddable":true,"href":"https:\/\/www.flayrparrucchieri.it\/index.php\/wp-json\/wp\/v2\/categories?post=6110"},{"taxonomy":"post_tag","embeddable":true,"href":"https:\/\/www.flayrparrucchieri.it\/index.php\/wp-json\/wp\/v2\/tags?post=6110"}],"curies":[{"name":"wp","href":"https:\/\/api.w.org\/{rel}","templated":true}]}}